{"id":136,"date":"2017-11-15T22:39:55","date_gmt":"2017-11-15T21:39:55","guid":{"rendered":"http:\/\/2017.system-change.org\/de\/?p=136"},"modified":"2017-12-07T17:04:11","modified_gmt":"2017-12-07T16:04:11","slug":"1f223-strikte-grenzen-der-privaten-kapital-und-besitzakkumulation-in-allen-gesellschaftlichen-bereichen","status":"publish","type":"post","link":"https:\/\/www.system-change.org\/de\/1f223-strikte-grenzen-der-privaten-kapital-und-besitzakkumulation-in-allen-gesellschaftlichen-bereichen\/","title":{"rendered":"1F223 Strikte Grenzen der privaten Kapital- und Besitzakkumulation in allen gesellschaftlichen Bereichen"},"content":{"rendered":"<p><span style=\"text-decoration: underline\"><strong>Strikte Grenzen der privaten Kapital- und Besitzakkumulation in allen gesellschaftlichen Bereichen:<\/strong><\/span><\/p>\n<p>Die individuelle M\u00f6glichkeit einer unbeschr\u00e4nkten Akkumulation von Kapital und Macht (gesellschaftlichem Einfluss) des Einzelnen ist mitverantwortlich nicht nur f\u00fcr ein scharfes Missverh\u00e4ltnis in der gesellschaftlichen Einkommensverteilung, sondern insbesondere f\u00fcr das sozial brisante Ungleichgewicht bez\u00fcglich Lebensqualit\u00e4ten (und pers\u00f6nlicher Erf\u00fcllung) zwischen unterschiedlichen sozialen Klassen in der Gesellschaft &#8211; innerstaatlich wie weltweit. Die Tatsache, dass einige wenige Menschen allein durch die Akkumulation von pers\u00f6nlichem Reichtum die wirtschaftliche Macht und M\u00f6glichkeit h\u00e4tten, Tausende und oft genug auch Millionen von Menschen ein besseres Leben zu gew\u00e4hren, dies aber nicht tun, bzw. diesen Reichtum nicht (ver-) teilen, ist gesellschafts-psychologisch nicht akzeptabel und f\u00fchrt zu sozialer Unruhe und Konfliktpotential. Im materialistischen Kapitalismus ist individuelle Kapitalakkumulation oft gleichbedeutend mit Machtakkumulation. Kapitalakkumulation und Machtakkumulation &#8211; wobei politischer Einfluss sich meist auf beides beruft &#8211; sind im heutigen Sozialgef\u00fcge Voraussetzungen f\u00fcr die direkte Beeinflussung gro\u00dfer Gesellschaftssegmente, insbesondere wirtschaftlich, aber auch gesellschaftsideologisch gesehen. Sie beeinflussen Wertedefinitionen, Konsum- und soziales Verhalten gleicherma\u00dfen.<\/p>\n<p>Mittelfristig ist es daher unabdingbar, die M\u00f6glichkeiten einer unbegrenzten individuellen Kapitalakkumulation und Machtakkumulation zu beschr\u00e4nken beziehungsweise hinf\u00e4llig werden zu lassen. F\u00fcr s\u00e4mtliche gesamtgesellschaftlich pr\u00e4gnanten Bereiche (Information, Kommunikation, Erziehung, Kultur, Wissenschaft, Forschung, Gesundheit, Wohnungsbau, soziale Absicherung, Grundnahrung, Trinkwasser, nat\u00fcrliche Ressourcen, Genome, Energie, Massentransport, Justiz, Polizei, Milit\u00e4r) m\u00fcssen (zu kontrollierende) Grenzen der individuellen Einflussnahme und Akkumulation geschaffen werden. Durch die graduelle \u00dcberf\u00fchrung all dieser Gesellschaftsbereiche ins Gemeingut (Vergesellschaftung) w\u00fcrde Privatisierung unm\u00f6glich (bzw. r\u00fcckg\u00e4ngig) gemacht. Diese gesellschaftspr\u00e4genden Bereiche w\u00fcrden dann ausschlie\u00dflich durch den Souver\u00e4n, d.h. das Volk\/die Gesellschaft bestimmt werden. Allein auf diese Art w\u00fcrde es m\u00f6glich werden, beispielsweise die R\u00fcstungsindustrie abzubauen oder auch Medien\/Pressemacht von privaten Konzernen zu verhindern.<\/p>\n<p><em>Es geht also weniger um eine generelle Begrenzung der individuellen Verm\u00f6gens\/Machtanh\u00e4ufung, sondern vielmehr um eine Begrenzung des Zugangs (M\u00f6glichkeit) der pers\u00f6nlichen (individuellen) Einflussnahme in Schl\u00fcsselbereichen des gesamtgesellschaftlichen Gleichgewichts.<\/em><\/p>\n<p>Was politische \u00c4mter angeht, sind diese nicht mit privatwirtschaftlichen Funktionen zu vereinbaren. Das hei\u00dft, sobald ein h\u00f6heres politisches Amt angenommen wird, muss sich die entsprechende Person von ihrer privatwirtschaftlichen Besch\u00e4ftigung trennen&#8230;<\/p>\n","protected":false},"excerpt":{"rendered":"<p>Strikte Grenzen der privaten Kapital- und Besitzakkumulation in allen gesellschaftlichen Bereichen: Die individuelle M\u00f6glichkeit einer unbeschr\u00e4nkten Akkumulation von Kapital und Macht (gesellschaftlichem Einfluss) des Einzelnen ist mitverantwortlich nicht nur f\u00fcr ein scharfes Missverh\u00e4ltnis in der gesellschaftlichen Einkommensverteilung, sondern insbesondere f\u00fcr das sozial brisante Ungleichgewicht bez\u00fcglich Lebensqualit\u00e4ten (und pers\u00f6nlicher Erf\u00fcllung) zwischen unterschiedlichen sozialen Klassen in der &hellip; <\/p>\n<p class=\"link-more\"><a href=\"https:\/\/www.system-change.org\/de\/1f223-strikte-grenzen-der-privaten-kapital-und-besitzakkumulation-in-allen-gesellschaftlichen-bereichen\/\" class=\"more-link\"><span class=\"screen-reader-text\">\u201e1F223 Strikte Grenzen der privaten Kapital- und Besitzakkumulation in allen gesellschaftlichen Bereichen\u201c<\/span> weiterlesen<\/a><\/p>\n","protected":false},"author":2,"featured_media":0,"comment_status":"closed","ping_status":"closed","sticky":false,"template":"","format":"standard","meta":{"footnotes":""},"categories":[20],"tags":[],"class_list":["post-136","post","type-post","status-publish","format-standard","hentry","category-1f22-eine-partizipatorische-demokratie-und-die-radikale-begrenzung-der-kapital-und-machtkonzentration"],"_links":{"self":[{"href":"https:\/\/www.system-change.org\/de\/wp-json\/wp\/v2\/posts\/136","targetHints":{"allow":["GET"]}}],"collection":[{"href":"https:\/\/www.system-change.org\/de\/wp-json\/wp\/v2\/posts"}],"about":[{"href":"https:\/\/www.system-change.org\/de\/wp-json\/wp\/v2\/types\/post"}],"author":[{"embeddable":true,"href":"https:\/\/www.system-change.org\/de\/wp-json\/wp\/v2\/users\/2"}],"replies":[{"embeddable":true,"href":"https:\/\/www.system-change.org\/de\/wp-json\/wp\/v2\/comments?post=136"}],"version-history":[{"count":2,"href":"https:\/\/www.system-change.org\/de\/wp-json\/wp\/v2\/posts\/136\/revisions"}],"predecessor-version":[{"id":298,"href":"https:\/\/www.system-change.org\/de\/wp-json\/wp\/v2\/posts\/136\/revisions\/298"}],"wp:attachment":[{"href":"https:\/\/www.system-change.org\/de\/wp-json\/wp\/v2\/media?parent=136"}],"wp:term":[{"taxonomy":"category","embeddable":true,"href":"https:\/\/www.system-change.org\/de\/wp-json\/wp\/v2\/categories?post=136"},{"taxonomy":"post_tag","embeddable":true,"href":"https:\/\/www.system-change.org\/de\/wp-json\/wp\/v2\/tags?post=136"}],"curies":[{"name":"wp","href":"https:\/\/api.w.org\/{rel}","templated":true}]}}