{"id":319,"date":"2017-12-07T17:37:19","date_gmt":"2017-12-07T16:37:19","guid":{"rendered":"http:\/\/2017.system-change.org\/de\/?p=319"},"modified":"2017-12-07T17:37:19","modified_gmt":"2017-12-07T16:37:19","slug":"1f250-vorwort","status":"publish","type":"post","link":"https:\/\/www.system-change.org\/de\/1f250-vorwort\/","title":{"rendered":"1F250 Vorwort"},"content":{"rendered":"<p><strong><u>LANGFRISTIG<\/u><\/strong><u> (gesellschaftlich und wirtschaftlich)<\/u><\/p>\n<p>F\u00fcr den graduellen \u00dcbergang hin zu einer Global Erneuerten Gesellschaft sind die angef\u00fchrten mittelfristigen Reformen auf nationaler Ebene ein erster Schritt, welcher jedoch simultan von den mittelfristig umzusetzenden Reformen auf internationaler Ebene begleitet werden muss.<\/p>\n<p>Die im Weiteren beschriebenen langfristig umzusetzenden Etappen eines gesellschaftlichen \u00dcbergangs auf nationaler Ebene schlie\u00dfen sich daran an und sind teils Voraussetzung, teils Bestandteil oder Folgewirkungen der eigentlichen, langfristig angelegten, gesamtgesellschaftlichen (also zun\u00e4chst noch internationalen, sp\u00e4ter dann planetarischen) Ver\u00e4nderungen.<\/p>\n","protected":false},"excerpt":{"rendered":"<p>LANGFRISTIG (gesellschaftlich und wirtschaftlich) F\u00fcr den graduellen \u00dcbergang hin zu einer Global Erneuerten Gesellschaft sind die angef\u00fchrten mittelfristigen Reformen auf nationaler Ebene ein erster Schritt, welcher jedoch simultan von den mittelfristig umzusetzenden Reformen auf internationaler Ebene begleitet werden muss. Die im Weiteren beschriebenen langfristig umzusetzenden Etappen eines gesellschaftlichen \u00dcbergangs auf nationaler Ebene schlie\u00dfen sich daran &hellip; <\/p>\n<p class=\"link-more\"><a href=\"https:\/\/www.system-change.org\/de\/1f250-vorwort\/\" class=\"more-link\"><span class=\"screen-reader-text\">\u201e1F250 Vorwort\u201c<\/span> weiterlesen<\/a><\/p>\n","protected":false},"author":3,"featured_media":0,"comment_status":"closed","ping_status":"closed","sticky":false,"template":"","format":"standard","meta":{"footnotes":""},"categories":[23],"tags":[],"class_list":["post-319","post","type-post","status-publish","format-standard","hentry","category-1f25-langfristig-gesellschaftlich-und-wirtschaftlich"],"_links":{"self":[{"href":"https:\/\/www.system-change.org\/de\/wp-json\/wp\/v2\/posts\/319","targetHints":{"allow":["GET"]}}],"collection":[{"href":"https:\/\/www.system-change.org\/de\/wp-json\/wp\/v2\/posts"}],"about":[{"href":"https:\/\/www.system-change.org\/de\/wp-json\/wp\/v2\/types\/post"}],"author":[{"embeddable":true,"href":"https:\/\/www.system-change.org\/de\/wp-json\/wp\/v2\/users\/3"}],"replies":[{"embeddable":true,"href":"https:\/\/www.system-change.org\/de\/wp-json\/wp\/v2\/comments?post=319"}],"version-history":[{"count":1,"href":"https:\/\/www.system-change.org\/de\/wp-json\/wp\/v2\/posts\/319\/revisions"}],"predecessor-version":[{"id":320,"href":"https:\/\/www.system-change.org\/de\/wp-json\/wp\/v2\/posts\/319\/revisions\/320"}],"wp:attachment":[{"href":"https:\/\/www.system-change.org\/de\/wp-json\/wp\/v2\/media?parent=319"}],"wp:term":[{"taxonomy":"category","embeddable":true,"href":"https:\/\/www.system-change.org\/de\/wp-json\/wp\/v2\/categories?post=319"},{"taxonomy":"post_tag","embeddable":true,"href":"https:\/\/www.system-change.org\/de\/wp-json\/wp\/v2\/tags?post=319"}],"curies":[{"name":"wp","href":"https:\/\/api.w.org\/{rel}","templated":true}]}}